{"id":51268,"date":"2023-10-11T14:09:12","date_gmt":"2023-10-11T12:09:12","guid":{"rendered":"https:\/\/ingeborgmatula.com\/?p=51268"},"modified":"2023-10-11T14:24:55","modified_gmt":"2023-10-11T12:24:55","slug":"einladung-zur-9-charity-kunstauktion","status":"publish","type":"post","link":"https:\/\/ingeborgmatula.com\/de\/einladung-zur-9-charity-kunstauktion\/","title":{"rendered":"Einladung zur 9. Charity Kunstauktion"},"content":{"rendered":"<p style=\"font-weight: 400;\">Bereits zum 9. Mal l\u00e4dt der <a href=\"http:\/\/www.auf-augenhoehe.at\">Verein \u201eAuf Augenh\u00f6he\u201c<\/a> herzlich ein, zugunsten des guten Zwecks eines oder mehrere Kunstwerke zu ersteigern.<\/p>\n<p style=\"font-weight: 400;\"><strong>K\u00fcnstlerverzeichnis alphabetisch:<\/strong><\/p>\n<p style=\"font-weight: 400;\">Elisabeth Arocker, Marko Djurdjevic, Christina Dwingelo-L\u00fctten, Harry Ergott, Benedetto Fellin, N.D.C.M Fr\u00f6hlich, Michael Fuchs, Igor Gacic, Joanna Gleich, Robert Hammerstiegl, Gottfried Helnwein, Christian H\u00f6ld, Jerson Jimenez, Stefan Alexander Kamp, Helmut Kand, Manfred Kielnhofer, Markus Kravanja, Jagoda Lessel, Herbert Lippert, Ingeborg Matula, Alfred Melchert, Inga Pernes, Reinhold Ponesch, Verena Prandst\u00e4tter, Lucia Ricelli, Johannes Richter, Barbara Salaun, Judith Schimany, Albert Schmidbauer, Markus Slansky, Adolf Tuma, Silvia Wichtl, Waltraud Zechmeister<\/p>\n<p style=\"font-weight: 400;\"><strong>Vorbesichtigung:<\/strong><\/p>\n<p style=\"font-weight: 400;\">Aperitif und Registrierung Donnerstag, 12. Oktober 2023 von 18:00 bis 19:00 Uhr Vorbesichtigung der Werke im Musensaal in der Albertina, Albertinaplatz 1, 1010 Wien,<\/p>\n<p style=\"font-weight: 400;\"><strong>Musikalische Einstimmung<\/strong><\/p>\n<p style=\"font-weight: 400;\">\u201eSaxolady\u201c Daniela Krammer<\/p>\n<p style=\"font-weight: 400;\"><strong>ab 19:00<\/strong><\/p>\n<p style=\"font-weight: 400;\"><strong>Begr\u00fc\u00dfung und Moderation:<\/strong><\/p>\n<p style=\"font-weight: 400;\">Volker Grohskopf<\/p>\n<p style=\"font-weight: 400;\"><strong>Auktion<\/strong><\/p>\n<p style=\"font-weight: 400;\">Auktionator Matthew Hagerty \u2013 Dorotheum Wien<\/p>\n","protected":false},"excerpt":{"rendered":"<p>In diesem Jahr warten 37 ausgew\u00e4hlte Exponate auf Sie. Die j\u00e4hrliche Versteigerung ist nicht nur der H\u00f6hepunkt der Vereinsaktivit\u00e4ten, er ist auch von gro\u00dfer Bedeutung, um die finanziellen Mittel aufzubringen, die n\u00f6tig sind, um die Hilfsprojekte des Vereins \u201eAuf Augenh\u00f6he\u201c umzusetzen.<\/p>\n","protected":false},"author":2,"featured_media":51266,"comment_status":"closed","ping_status":"closed","sticky":false,"template":"","format":"standard","meta":{"footnotes":""},"categories":[87,42],"tags":[],"class_list":["post-51268","post","type-post","status-publish","format-standard","has-post-thumbnail","hentry","category-ankuendigung","category-event-de","category-87","category-42","description-off"],"yoast_head":"<!-- This site is optimized with the Yoast SEO plugin v27.4 - https:\/\/yoast.com\/product\/yoast-seo-wordpress\/ -->\n<title>Ingeborg Matula - Einladung zur 9. Charity Kunstauktion<\/title>\n<meta name=\"robots\" content=\"index, follow, max-snippet:-1, max-image-preview:large, max-video-preview:-1\" \/>\n<link rel=\"canonical\" href=\"https:\/\/ingeborgmatula.com\/de\/einladung-zur-9-charity-kunstauktion\/\" \/>\n<meta property=\"og:locale\" content=\"de_DE\" \/>\n<meta property=\"og:type\" content=\"article\" \/>\n<meta property=\"og:title\" content=\"Ingeborg Matula - Einladung zur 9. Charity Kunstauktion\" \/>\n<meta property=\"og:description\" content=\"In diesem Jahr warten 37 ausgew\u00e4hlte Exponate auf Sie. Die j\u00e4hrliche Versteigerung ist nicht nur der H\u00f6hepunkt der Vereinsaktivit\u00e4ten, er ist auch von gro\u00dfer Bedeutung, um die finanziellen Mittel aufzubringen, die n\u00f6tig sind, um die Hilfsprojekte des Vereins \u201eAuf Augenh\u00f6he\u201c umzusetzen.\" \/>\n<meta property=\"og:url\" content=\"https:\/\/ingeborgmatula.com\/de\/einladung-zur-9-charity-kunstauktion\/\" \/>\n<meta property=\"og:site_name\" content=\"Ingeborg Matula\" \/>\n<meta property=\"article:published_time\" content=\"2023-10-11T12:09:12+00:00\" \/>\n<meta property=\"article:modified_time\" content=\"2023-10-11T12:24:55+00:00\" \/>\n<meta property=\"og:image\" content=\"https:\/\/ingeborgmatula.com\/wp-content\/uploads\/2023\/10\/20231012-albertina.jpg\" \/>\n\t<meta property=\"og:image:width\" content=\"1652\" \/>\n\t<meta property=\"og:image:height\" content=\"1102\" \/>\n\t<meta property=\"og:image:type\" content=\"image\/jpeg\" \/>\n<meta name=\"author\" content=\"Ingeborg Matula\" \/>\n<meta name=\"twitter:card\" content=\"summary_large_image\" \/>\n<meta name=\"twitter:label1\" content=\"Verfasst von\" \/>\n\t<meta name=\"twitter:data1\" content=\"Ingeborg Matula\" \/>\n\t<meta name=\"twitter:label2\" content=\"Gesch\u00e4tzte Lesezeit\" \/>\n\t<meta name=\"twitter:data2\" content=\"1\u00a0Minute\" \/>\n<script type=\"application\/ld+json\" class=\"yoast-schema-graph\">{\"@context\":\"https:\\\/\\\/schema.org\",\"@graph\":[{\"@type\":\"Article\",\"@id\":\"https:\\\/\\\/ingeborgmatula.com\\\/de\\\/einladung-zur-9-charity-kunstauktion\\\/#article\",\"isPartOf\":{\"@id\":\"https:\\\/\\\/ingeborgmatula.com\\\/de\\\/einladung-zur-9-charity-kunstauktion\\\/\"},\"author\":{\"name\":\"Ingeborg Matula\",\"@id\":\"https:\\\/\\\/ingeborgmatula.com\\\/de\\\/#\\\/schema\\\/person\\\/65f46c3cfc31bdc421ac97d3a48a0cd5\"},\"headline\":\"Einladung zur 9. Charity Kunstauktion\",\"datePublished\":\"2023-10-11T12:09:12+00:00\",\"dateModified\":\"2023-10-11T12:24:55+00:00\",\"mainEntityOfPage\":{\"@id\":\"https:\\\/\\\/ingeborgmatula.com\\\/de\\\/einladung-zur-9-charity-kunstauktion\\\/\"},\"wordCount\":140,\"publisher\":{\"@id\":\"https:\\\/\\\/ingeborgmatula.com\\\/de\\\/#\\\/schema\\\/person\\\/65f46c3cfc31bdc421ac97d3a48a0cd5\"},\"image\":{\"@id\":\"https:\\\/\\\/ingeborgmatula.com\\\/de\\\/einladung-zur-9-charity-kunstauktion\\\/#primaryimage\"},\"thumbnailUrl\":\"https:\\\/\\\/ingeborgmatula.com\\\/wp-content\\\/uploads\\\/2023\\\/10\\\/20231012-albertina.jpg\",\"articleSection\":[\"Ank\u00fcndigung\",\"Event\"],\"inLanguage\":\"de\"},{\"@type\":\"WebPage\",\"@id\":\"https:\\\/\\\/ingeborgmatula.com\\\/de\\\/einladung-zur-9-charity-kunstauktion\\\/\",\"url\":\"https:\\\/\\\/ingeborgmatula.com\\\/de\\\/einladung-zur-9-charity-kunstauktion\\\/\",\"name\":\"Ingeborg Matula - Einladung zur 9. Charity Kunstauktion\",\"isPartOf\":{\"@id\":\"https:\\\/\\\/ingeborgmatula.com\\\/de\\\/#website\"},\"primaryImageOfPage\":{\"@id\":\"https:\\\/\\\/ingeborgmatula.com\\\/de\\\/einladung-zur-9-charity-kunstauktion\\\/#primaryimage\"},\"image\":{\"@id\":\"https:\\\/\\\/ingeborgmatula.com\\\/de\\\/einladung-zur-9-charity-kunstauktion\\\/#primaryimage\"},\"thumbnailUrl\":\"https:\\\/\\\/ingeborgmatula.com\\\/wp-content\\\/uploads\\\/2023\\\/10\\\/20231012-albertina.jpg\",\"datePublished\":\"2023-10-11T12:09:12+00:00\",\"dateModified\":\"2023-10-11T12:24:55+00:00\",\"breadcrumb\":{\"@id\":\"https:\\\/\\\/ingeborgmatula.com\\\/de\\\/einladung-zur-9-charity-kunstauktion\\\/#breadcrumb\"},\"inLanguage\":\"de\",\"potentialAction\":[{\"@type\":\"ReadAction\",\"target\":[\"https:\\\/\\\/ingeborgmatula.com\\\/de\\\/einladung-zur-9-charity-kunstauktion\\\/\"]}]},{\"@type\":\"ImageObject\",\"inLanguage\":\"de\",\"@id\":\"https:\\\/\\\/ingeborgmatula.com\\\/de\\\/einladung-zur-9-charity-kunstauktion\\\/#primaryimage\",\"url\":\"https:\\\/\\\/ingeborgmatula.com\\\/wp-content\\\/uploads\\\/2023\\\/10\\\/20231012-albertina.jpg\",\"contentUrl\":\"https:\\\/\\\/ingeborgmatula.com\\\/wp-content\\\/uploads\\\/2023\\\/10\\\/20231012-albertina.jpg\",\"width\":1652,\"height\":1102},{\"@type\":\"BreadcrumbList\",\"@id\":\"https:\\\/\\\/ingeborgmatula.com\\\/de\\\/einladung-zur-9-charity-kunstauktion\\\/#breadcrumb\",\"itemListElement\":[{\"@type\":\"ListItem\",\"position\":1,\"name\":\"Startseite\",\"item\":\"https:\\\/\\\/ingeborgmatula.com\\\/de\\\/\"},{\"@type\":\"ListItem\",\"position\":2,\"name\":\"Einladung zur 9. Charity Kunstauktion\"}]},{\"@type\":\"WebSite\",\"@id\":\"https:\\\/\\\/ingeborgmatula.com\\\/de\\\/#website\",\"url\":\"https:\\\/\\\/ingeborgmatula.com\\\/de\\\/\",\"name\":\"Ingeborg Matula\",\"description\":\"freischaffende K\u00fcnstlerin\",\"publisher\":{\"@id\":\"https:\\\/\\\/ingeborgmatula.com\\\/de\\\/#\\\/schema\\\/person\\\/65f46c3cfc31bdc421ac97d3a48a0cd5\"},\"potentialAction\":[{\"@type\":\"SearchAction\",\"target\":{\"@type\":\"EntryPoint\",\"urlTemplate\":\"https:\\\/\\\/ingeborgmatula.com\\\/de\\\/?s={search_term_string}\"},\"query-input\":{\"@type\":\"PropertyValueSpecification\",\"valueRequired\":true,\"valueName\":\"search_term_string\"}}],\"inLanguage\":\"de\"},{\"@type\":[\"Person\",\"Organization\"],\"@id\":\"https:\\\/\\\/ingeborgmatula.com\\\/de\\\/#\\\/schema\\\/person\\\/65f46c3cfc31bdc421ac97d3a48a0cd5\",\"name\":\"Ingeborg Matula\",\"image\":{\"@type\":\"ImageObject\",\"inLanguage\":\"de\",\"@id\":\"https:\\\/\\\/ingeborgmatula.com\\\/wp-content\\\/uploads\\\/2013\\\/10\\\/ingeborg-matula-03.jpg\",\"url\":\"https:\\\/\\\/ingeborgmatula.com\\\/wp-content\\\/uploads\\\/2013\\\/10\\\/ingeborg-matula-03.jpg\",\"contentUrl\":\"https:\\\/\\\/ingeborgmatula.com\\\/wp-content\\\/uploads\\\/2013\\\/10\\\/ingeborg-matula-03.jpg\",\"width\":1200,\"height\":799,\"caption\":\"Ingeborg Matula\"},\"logo\":{\"@id\":\"https:\\\/\\\/ingeborgmatula.com\\\/wp-content\\\/uploads\\\/2013\\\/10\\\/ingeborg-matula-03.jpg\"},\"sameAs\":[\"https:\\\/\\\/ingeborgmatula.com\"],\"url\":\"https:\\\/\\\/ingeborgmatula.com\\\/de\\\/author\\\/imadmin\\\/\"}]}<\/script>\n<!-- \/ Yoast SEO plugin. -->","yoast_head_json":{"title":"Ingeborg Matula - Einladung zur 9. Charity Kunstauktion","robots":{"index":"index","follow":"follow","max-snippet":"max-snippet:-1","max-image-preview":"max-image-preview:large","max-video-preview":"max-video-preview:-1"},"canonical":"https:\/\/ingeborgmatula.com\/de\/einladung-zur-9-charity-kunstauktion\/","og_locale":"de_DE","og_type":"article","og_title":"Ingeborg Matula - Einladung zur 9. Charity Kunstauktion","og_description":"In diesem Jahr warten 37 ausgew\u00e4hlte Exponate auf Sie. Die j\u00e4hrliche Versteigerung ist nicht nur der H\u00f6hepunkt der Vereinsaktivit\u00e4ten, er ist auch von gro\u00dfer Bedeutung, um die finanziellen Mittel aufzubringen, die n\u00f6tig sind, um die Hilfsprojekte des Vereins \u201eAuf Augenh\u00f6he\u201c umzusetzen.","og_url":"https:\/\/ingeborgmatula.com\/de\/einladung-zur-9-charity-kunstauktion\/","og_site_name":"Ingeborg Matula","article_published_time":"2023-10-11T12:09:12+00:00","article_modified_time":"2023-10-11T12:24:55+00:00","og_image":[{"width":1652,"height":1102,"url":"https:\/\/ingeborgmatula.com\/wp-content\/uploads\/2023\/10\/20231012-albertina.jpg","type":"image\/jpeg"}],"author":"Ingeborg Matula","twitter_card":"summary_large_image","twitter_misc":{"Verfasst von":"Ingeborg Matula","Gesch\u00e4tzte Lesezeit":"1\u00a0Minute"},"schema":{"@context":"https:\/\/schema.org","@graph":[{"@type":"Article","@id":"https:\/\/ingeborgmatula.com\/de\/einladung-zur-9-charity-kunstauktion\/#article","isPartOf":{"@id":"https:\/\/ingeborgmatula.com\/de\/einladung-zur-9-charity-kunstauktion\/"},"author":{"name":"Ingeborg Matula","@id":"https:\/\/ingeborgmatula.com\/de\/#\/schema\/person\/65f46c3cfc31bdc421ac97d3a48a0cd5"},"headline":"Einladung zur 9. Charity Kunstauktion","datePublished":"2023-10-11T12:09:12+00:00","dateModified":"2023-10-11T12:24:55+00:00","mainEntityOfPage":{"@id":"https:\/\/ingeborgmatula.com\/de\/einladung-zur-9-charity-kunstauktion\/"},"wordCount":140,"publisher":{"@id":"https:\/\/ingeborgmatula.com\/de\/#\/schema\/person\/65f46c3cfc31bdc421ac97d3a48a0cd5"},"image":{"@id":"https:\/\/ingeborgmatula.com\/de\/einladung-zur-9-charity-kunstauktion\/#primaryimage"},"thumbnailUrl":"https:\/\/ingeborgmatula.com\/wp-content\/uploads\/2023\/10\/20231012-albertina.jpg","articleSection":["Ank\u00fcndigung","Event"],"inLanguage":"de"},{"@type":"WebPage","@id":"https:\/\/ingeborgmatula.com\/de\/einladung-zur-9-charity-kunstauktion\/","url":"https:\/\/ingeborgmatula.com\/de\/einladung-zur-9-charity-kunstauktion\/","name":"Ingeborg Matula - Einladung zur 9. Charity Kunstauktion","isPartOf":{"@id":"https:\/\/ingeborgmatula.com\/de\/#website"},"primaryImageOfPage":{"@id":"https:\/\/ingeborgmatula.com\/de\/einladung-zur-9-charity-kunstauktion\/#primaryimage"},"image":{"@id":"https:\/\/ingeborgmatula.com\/de\/einladung-zur-9-charity-kunstauktion\/#primaryimage"},"thumbnailUrl":"https:\/\/ingeborgmatula.com\/wp-content\/uploads\/2023\/10\/20231012-albertina.jpg","datePublished":"2023-10-11T12:09:12+00:00","dateModified":"2023-10-11T12:24:55+00:00","breadcrumb":{"@id":"https:\/\/ingeborgmatula.com\/de\/einladung-zur-9-charity-kunstauktion\/#breadcrumb"},"inLanguage":"de","potentialAction":[{"@type":"ReadAction","target":["https:\/\/ingeborgmatula.com\/de\/einladung-zur-9-charity-kunstauktion\/"]}]},{"@type":"ImageObject","inLanguage":"de","@id":"https:\/\/ingeborgmatula.com\/de\/einladung-zur-9-charity-kunstauktion\/#primaryimage","url":"https:\/\/ingeborgmatula.com\/wp-content\/uploads\/2023\/10\/20231012-albertina.jpg","contentUrl":"https:\/\/ingeborgmatula.com\/wp-content\/uploads\/2023\/10\/20231012-albertina.jpg","width":1652,"height":1102},{"@type":"BreadcrumbList","@id":"https:\/\/ingeborgmatula.com\/de\/einladung-zur-9-charity-kunstauktion\/#breadcrumb","itemListElement":[{"@type":"ListItem","position":1,"name":"Startseite","item":"https:\/\/ingeborgmatula.com\/de\/"},{"@type":"ListItem","position":2,"name":"Einladung zur 9. Charity Kunstauktion"}]},{"@type":"WebSite","@id":"https:\/\/ingeborgmatula.com\/de\/#website","url":"https:\/\/ingeborgmatula.com\/de\/","name":"Ingeborg Matula","description":"freischaffende K\u00fcnstlerin","publisher":{"@id":"https:\/\/ingeborgmatula.com\/de\/#\/schema\/person\/65f46c3cfc31bdc421ac97d3a48a0cd5"},"potentialAction":[{"@type":"SearchAction","target":{"@type":"EntryPoint","urlTemplate":"https:\/\/ingeborgmatula.com\/de\/?s={search_term_string}"},"query-input":{"@type":"PropertyValueSpecification","valueRequired":true,"valueName":"search_term_string"}}],"inLanguage":"de"},{"@type":["Person","Organization"],"@id":"https:\/\/ingeborgmatula.com\/de\/#\/schema\/person\/65f46c3cfc31bdc421ac97d3a48a0cd5","name":"Ingeborg Matula","image":{"@type":"ImageObject","inLanguage":"de","@id":"https:\/\/ingeborgmatula.com\/wp-content\/uploads\/2013\/10\/ingeborg-matula-03.jpg","url":"https:\/\/ingeborgmatula.com\/wp-content\/uploads\/2013\/10\/ingeborg-matula-03.jpg","contentUrl":"https:\/\/ingeborgmatula.com\/wp-content\/uploads\/2013\/10\/ingeborg-matula-03.jpg","width":1200,"height":799,"caption":"Ingeborg Matula"},"logo":{"@id":"https:\/\/ingeborgmatula.com\/wp-content\/uploads\/2013\/10\/ingeborg-matula-03.jpg"},"sameAs":["https:\/\/ingeborgmatula.com"],"url":"https:\/\/ingeborgmatula.com\/de\/author\/imadmin\/"}]}},"_links":{"self":[{"href":"https:\/\/ingeborgmatula.com\/de\/wp-json\/wp\/v2\/posts\/51268","targetHints":{"allow":["GET"]}}],"collection":[{"href":"https:\/\/ingeborgmatula.com\/de\/wp-json\/wp\/v2\/posts"}],"about":[{"href":"https:\/\/ingeborgmatula.com\/de\/wp-json\/wp\/v2\/types\/post"}],"author":[{"embeddable":true,"href":"https:\/\/ingeborgmatula.com\/de\/wp-json\/wp\/v2\/users\/2"}],"replies":[{"embeddable":true,"href":"https:\/\/ingeborgmatula.com\/de\/wp-json\/wp\/v2\/comments?post=51268"}],"version-history":[{"count":2,"href":"https:\/\/ingeborgmatula.com\/de\/wp-json\/wp\/v2\/posts\/51268\/revisions"}],"predecessor-version":[{"id":51273,"href":"https:\/\/ingeborgmatula.com\/de\/wp-json\/wp\/v2\/posts\/51268\/revisions\/51273"}],"wp:featuredmedia":[{"embeddable":true,"href":"https:\/\/ingeborgmatula.com\/de\/wp-json\/wp\/v2\/media\/51266"}],"wp:attachment":[{"href":"https:\/\/ingeborgmatula.com\/de\/wp-json\/wp\/v2\/media?parent=51268"}],"wp:term":[{"taxonomy":"category","embeddable":true,"href":"https:\/\/ingeborgmatula.com\/de\/wp-json\/wp\/v2\/categories?post=51268"},{"taxonomy":"post_tag","embeddable":true,"href":"https:\/\/ingeborgmatula.com\/de\/wp-json\/wp\/v2\/tags?post=51268"}],"curies":[{"name":"wp","href":"https:\/\/api.w.org\/{rel}","templated":true}]}}