{"id":51190,"date":"2023-05-10T17:58:51","date_gmt":"2023-05-10T15:58:51","guid":{"rendered":"https:\/\/ingeborgmatula.com\/?p=51190"},"modified":"2023-05-22T18:02:45","modified_gmt":"2023-05-22T16:02:45","slug":"einladung-zur-vernissage-jahresausstellung-2023-der-kunst-vhs","status":"publish","type":"post","link":"https:\/\/ingeborgmatula.com\/de\/einladung-zur-vernissage-jahresausstellung-2023-der-kunst-vhs\/","title":{"rendered":"Einladung zur Vernissage \u201eJahresausstellung 2023 der Kunst VHS\u201c"},"content":{"rendered":"<h2>Einladung zur Vernissage \u201eJahresausstellung 2023 der Kunst VHS\u201c<\/h2>\n<p style=\"font-weight: 400;\">Gezeigt werden Arbeiten aus den Kursen von Eugenio Belgrado, Vessela Benderlieva-Karlhofer, Payam Boromand, Christian Emil Cerny, Hannah Feigl, Mo H\u00e4usler, Ren\u00e9 Herar, Udo Hohenberger, Christine Pirker, G\u00fcnter Povaly, Iva Schach, Mario Schleinzer, Karl Schnetzinger, Marcus Stiehl und Sybille Uitz.<\/p>\n<p style=\"font-weight: 400;\"><strong>K\u00fcnstlerInnen:<br \/>\n<\/strong>Siehe Abbildung u.a. Ingeborg Matula<\/p>\n<p style=\"font-weight: 400;\"><strong>Vernissage:<br \/>\n<\/strong>Dienstag, 23. Mai 2023 um 18:00 Uhr<br \/>\nDie Kunst VHS, Lazarettgasse 27, 1090 Wien<\/p>\n<p style=\"font-weight: 400;\"><strong>Begr\u00fc\u00dfung und Er\u00f6ffnung:<br \/>\n<\/strong>Milena Greif, Direktorin der Kunst VHS<br \/>\nHerbert Schweiger, Gesch\u00e4ftsf\u00fchrer der Wiener Volkshochschulen GmbH<\/p>\n<p style=\"font-weight: 400;\">Ausstellungsdauer: 23. Mai bis 21. Juli 2023<\/p>\n","protected":false},"excerpt":{"rendered":"<p>Werke von K\u00fcnstlerInnen der KursleiterInnen der KVH.<\/p>\n","protected":false},"author":2,"featured_media":51188,"comment_status":"closed","ping_status":"closed","sticky":false,"template":"","format":"standard","meta":{"footnotes":""},"categories":[87,59,42],"tags":[],"class_list":["post-51190","post","type-post","status-publish","format-standard","has-post-thumbnail","hentry","category-ankuendigung","category-ausstellung","category-event-de","category-87","category-59","category-42","description-off"],"yoast_head":"<!-- This site is optimized with the Yoast SEO plugin v27.4 - https:\/\/yoast.com\/product\/yoast-seo-wordpress\/ -->\n<title>Ingeborg Matula - Einladung zur Vernissage \u201eJahresausstellung 2023 der Kunst VHS\u201c<\/title>\n<meta name=\"robots\" content=\"index, follow, max-snippet:-1, max-image-preview:large, max-video-preview:-1\" \/>\n<link rel=\"canonical\" href=\"https:\/\/ingeborgmatula.com\/de\/einladung-zur-vernissage-jahresausstellung-2023-der-kunst-vhs\/\" \/>\n<meta property=\"og:locale\" content=\"de_DE\" \/>\n<meta property=\"og:type\" content=\"article\" \/>\n<meta property=\"og:title\" content=\"Ingeborg Matula - Einladung zur Vernissage \u201eJahresausstellung 2023 der Kunst VHS\u201c\" \/>\n<meta property=\"og:description\" content=\"Werke von K\u00fcnstlerInnen der KursleiterInnen der KVH.\" \/>\n<meta property=\"og:url\" content=\"https:\/\/ingeborgmatula.com\/de\/einladung-zur-vernissage-jahresausstellung-2023-der-kunst-vhs\/\" \/>\n<meta property=\"og:site_name\" content=\"Ingeborg Matula\" \/>\n<meta property=\"article:published_time\" content=\"2023-05-10T15:58:51+00:00\" \/>\n<meta property=\"article:modified_time\" content=\"2023-05-22T16:02:45+00:00\" \/>\n<meta property=\"og:image\" content=\"https:\/\/ingeborgmatula.com\/wp-content\/uploads\/2023\/05\/20230523-VHS-Beitragsbild.jpg\" \/>\n\t<meta property=\"og:image:width\" content=\"1652\" \/>\n\t<meta property=\"og:image:height\" content=\"1102\" \/>\n\t<meta property=\"og:image:type\" content=\"image\/jpeg\" \/>\n<meta name=\"author\" content=\"Ingeborg Matula\" \/>\n<meta name=\"twitter:card\" content=\"summary_large_image\" \/>\n<meta name=\"twitter:label1\" content=\"Verfasst von\" \/>\n\t<meta name=\"twitter:data1\" content=\"Ingeborg Matula\" \/>\n<script type=\"application\/ld+json\" class=\"yoast-schema-graph\">{\"@context\":\"https:\\\/\\\/schema.org\",\"@graph\":[{\"@type\":\"Article\",\"@id\":\"https:\\\/\\\/ingeborgmatula.com\\\/de\\\/einladung-zur-vernissage-jahresausstellung-2023-der-kunst-vhs\\\/#article\",\"isPartOf\":{\"@id\":\"https:\\\/\\\/ingeborgmatula.com\\\/de\\\/einladung-zur-vernissage-jahresausstellung-2023-der-kunst-vhs\\\/\"},\"author\":{\"name\":\"Ingeborg Matula\",\"@id\":\"https:\\\/\\\/ingeborgmatula.com\\\/de\\\/#\\\/schema\\\/person\\\/65f46c3cfc31bdc421ac97d3a48a0cd5\"},\"headline\":\"Einladung zur Vernissage \u201eJahresausstellung 2023 der Kunst VHS\u201c\",\"datePublished\":\"2023-05-10T15:58:51+00:00\",\"dateModified\":\"2023-05-22T16:02:45+00:00\",\"mainEntityOfPage\":{\"@id\":\"https:\\\/\\\/ingeborgmatula.com\\\/de\\\/einladung-zur-vernissage-jahresausstellung-2023-der-kunst-vhs\\\/\"},\"wordCount\":97,\"publisher\":{\"@id\":\"https:\\\/\\\/ingeborgmatula.com\\\/de\\\/#\\\/schema\\\/person\\\/65f46c3cfc31bdc421ac97d3a48a0cd5\"},\"image\":{\"@id\":\"https:\\\/\\\/ingeborgmatula.com\\\/de\\\/einladung-zur-vernissage-jahresausstellung-2023-der-kunst-vhs\\\/#primaryimage\"},\"thumbnailUrl\":\"https:\\\/\\\/ingeborgmatula.com\\\/wp-content\\\/uploads\\\/2023\\\/05\\\/20230523-VHS-Beitragsbild.jpg\",\"articleSection\":[\"Ank\u00fcndigung\",\"Ausstellung\",\"Event\"],\"inLanguage\":\"de\"},{\"@type\":\"WebPage\",\"@id\":\"https:\\\/\\\/ingeborgmatula.com\\\/de\\\/einladung-zur-vernissage-jahresausstellung-2023-der-kunst-vhs\\\/\",\"url\":\"https:\\\/\\\/ingeborgmatula.com\\\/de\\\/einladung-zur-vernissage-jahresausstellung-2023-der-kunst-vhs\\\/\",\"name\":\"Ingeborg Matula - Einladung zur Vernissage \u201eJahresausstellung 2023 der Kunst VHS\u201c\",\"isPartOf\":{\"@id\":\"https:\\\/\\\/ingeborgmatula.com\\\/de\\\/#website\"},\"primaryImageOfPage\":{\"@id\":\"https:\\\/\\\/ingeborgmatula.com\\\/de\\\/einladung-zur-vernissage-jahresausstellung-2023-der-kunst-vhs\\\/#primaryimage\"},\"image\":{\"@id\":\"https:\\\/\\\/ingeborgmatula.com\\\/de\\\/einladung-zur-vernissage-jahresausstellung-2023-der-kunst-vhs\\\/#primaryimage\"},\"thumbnailUrl\":\"https:\\\/\\\/ingeborgmatula.com\\\/wp-content\\\/uploads\\\/2023\\\/05\\\/20230523-VHS-Beitragsbild.jpg\",\"datePublished\":\"2023-05-10T15:58:51+00:00\",\"dateModified\":\"2023-05-22T16:02:45+00:00\",\"breadcrumb\":{\"@id\":\"https:\\\/\\\/ingeborgmatula.com\\\/de\\\/einladung-zur-vernissage-jahresausstellung-2023-der-kunst-vhs\\\/#breadcrumb\"},\"inLanguage\":\"de\",\"potentialAction\":[{\"@type\":\"ReadAction\",\"target\":[\"https:\\\/\\\/ingeborgmatula.com\\\/de\\\/einladung-zur-vernissage-jahresausstellung-2023-der-kunst-vhs\\\/\"]}]},{\"@type\":\"ImageObject\",\"inLanguage\":\"de\",\"@id\":\"https:\\\/\\\/ingeborgmatula.com\\\/de\\\/einladung-zur-vernissage-jahresausstellung-2023-der-kunst-vhs\\\/#primaryimage\",\"url\":\"https:\\\/\\\/ingeborgmatula.com\\\/wp-content\\\/uploads\\\/2023\\\/05\\\/20230523-VHS-Beitragsbild.jpg\",\"contentUrl\":\"https:\\\/\\\/ingeborgmatula.com\\\/wp-content\\\/uploads\\\/2023\\\/05\\\/20230523-VHS-Beitragsbild.jpg\",\"width\":1652,\"height\":1102},{\"@type\":\"BreadcrumbList\",\"@id\":\"https:\\\/\\\/ingeborgmatula.com\\\/de\\\/einladung-zur-vernissage-jahresausstellung-2023-der-kunst-vhs\\\/#breadcrumb\",\"itemListElement\":[{\"@type\":\"ListItem\",\"position\":1,\"name\":\"Startseite\",\"item\":\"https:\\\/\\\/ingeborgmatula.com\\\/de\\\/\"},{\"@type\":\"ListItem\",\"position\":2,\"name\":\"Einladung zur Vernissage \u201eJahresausstellung 2023 der Kunst VHS\u201c\"}]},{\"@type\":\"WebSite\",\"@id\":\"https:\\\/\\\/ingeborgmatula.com\\\/de\\\/#website\",\"url\":\"https:\\\/\\\/ingeborgmatula.com\\\/de\\\/\",\"name\":\"Ingeborg Matula\",\"description\":\"freischaffende K\u00fcnstlerin\",\"publisher\":{\"@id\":\"https:\\\/\\\/ingeborgmatula.com\\\/de\\\/#\\\/schema\\\/person\\\/65f46c3cfc31bdc421ac97d3a48a0cd5\"},\"potentialAction\":[{\"@type\":\"SearchAction\",\"target\":{\"@type\":\"EntryPoint\",\"urlTemplate\":\"https:\\\/\\\/ingeborgmatula.com\\\/de\\\/?s={search_term_string}\"},\"query-input\":{\"@type\":\"PropertyValueSpecification\",\"valueRequired\":true,\"valueName\":\"search_term_string\"}}],\"inLanguage\":\"de\"},{\"@type\":[\"Person\",\"Organization\"],\"@id\":\"https:\\\/\\\/ingeborgmatula.com\\\/de\\\/#\\\/schema\\\/person\\\/65f46c3cfc31bdc421ac97d3a48a0cd5\",\"name\":\"Ingeborg Matula\",\"image\":{\"@type\":\"ImageObject\",\"inLanguage\":\"de\",\"@id\":\"https:\\\/\\\/ingeborgmatula.com\\\/wp-content\\\/uploads\\\/2013\\\/10\\\/ingeborg-matula-03.jpg\",\"url\":\"https:\\\/\\\/ingeborgmatula.com\\\/wp-content\\\/uploads\\\/2013\\\/10\\\/ingeborg-matula-03.jpg\",\"contentUrl\":\"https:\\\/\\\/ingeborgmatula.com\\\/wp-content\\\/uploads\\\/2013\\\/10\\\/ingeborg-matula-03.jpg\",\"width\":1200,\"height\":799,\"caption\":\"Ingeborg Matula\"},\"logo\":{\"@id\":\"https:\\\/\\\/ingeborgmatula.com\\\/wp-content\\\/uploads\\\/2013\\\/10\\\/ingeborg-matula-03.jpg\"},\"sameAs\":[\"https:\\\/\\\/ingeborgmatula.com\"],\"url\":\"https:\\\/\\\/ingeborgmatula.com\\\/de\\\/author\\\/imadmin\\\/\"}]}<\/script>\n<!-- \/ Yoast SEO plugin. -->","yoast_head_json":{"title":"Ingeborg Matula - Einladung zur Vernissage \u201eJahresausstellung 2023 der Kunst VHS\u201c","robots":{"index":"index","follow":"follow","max-snippet":"max-snippet:-1","max-image-preview":"max-image-preview:large","max-video-preview":"max-video-preview:-1"},"canonical":"https:\/\/ingeborgmatula.com\/de\/einladung-zur-vernissage-jahresausstellung-2023-der-kunst-vhs\/","og_locale":"de_DE","og_type":"article","og_title":"Ingeborg Matula - Einladung zur Vernissage \u201eJahresausstellung 2023 der Kunst VHS\u201c","og_description":"Werke von K\u00fcnstlerInnen der KursleiterInnen der KVH.","og_url":"https:\/\/ingeborgmatula.com\/de\/einladung-zur-vernissage-jahresausstellung-2023-der-kunst-vhs\/","og_site_name":"Ingeborg Matula","article_published_time":"2023-05-10T15:58:51+00:00","article_modified_time":"2023-05-22T16:02:45+00:00","og_image":[{"width":1652,"height":1102,"url":"https:\/\/ingeborgmatula.com\/wp-content\/uploads\/2023\/05\/20230523-VHS-Beitragsbild.jpg","type":"image\/jpeg"}],"author":"Ingeborg Matula","twitter_card":"summary_large_image","twitter_misc":{"Verfasst von":"Ingeborg Matula"},"schema":{"@context":"https:\/\/schema.org","@graph":[{"@type":"Article","@id":"https:\/\/ingeborgmatula.com\/de\/einladung-zur-vernissage-jahresausstellung-2023-der-kunst-vhs\/#article","isPartOf":{"@id":"https:\/\/ingeborgmatula.com\/de\/einladung-zur-vernissage-jahresausstellung-2023-der-kunst-vhs\/"},"author":{"name":"Ingeborg Matula","@id":"https:\/\/ingeborgmatula.com\/de\/#\/schema\/person\/65f46c3cfc31bdc421ac97d3a48a0cd5"},"headline":"Einladung zur Vernissage \u201eJahresausstellung 2023 der Kunst VHS\u201c","datePublished":"2023-05-10T15:58:51+00:00","dateModified":"2023-05-22T16:02:45+00:00","mainEntityOfPage":{"@id":"https:\/\/ingeborgmatula.com\/de\/einladung-zur-vernissage-jahresausstellung-2023-der-kunst-vhs\/"},"wordCount":97,"publisher":{"@id":"https:\/\/ingeborgmatula.com\/de\/#\/schema\/person\/65f46c3cfc31bdc421ac97d3a48a0cd5"},"image":{"@id":"https:\/\/ingeborgmatula.com\/de\/einladung-zur-vernissage-jahresausstellung-2023-der-kunst-vhs\/#primaryimage"},"thumbnailUrl":"https:\/\/ingeborgmatula.com\/wp-content\/uploads\/2023\/05\/20230523-VHS-Beitragsbild.jpg","articleSection":["Ank\u00fcndigung","Ausstellung","Event"],"inLanguage":"de"},{"@type":"WebPage","@id":"https:\/\/ingeborgmatula.com\/de\/einladung-zur-vernissage-jahresausstellung-2023-der-kunst-vhs\/","url":"https:\/\/ingeborgmatula.com\/de\/einladung-zur-vernissage-jahresausstellung-2023-der-kunst-vhs\/","name":"Ingeborg Matula - Einladung zur Vernissage \u201eJahresausstellung 2023 der Kunst VHS\u201c","isPartOf":{"@id":"https:\/\/ingeborgmatula.com\/de\/#website"},"primaryImageOfPage":{"@id":"https:\/\/ingeborgmatula.com\/de\/einladung-zur-vernissage-jahresausstellung-2023-der-kunst-vhs\/#primaryimage"},"image":{"@id":"https:\/\/ingeborgmatula.com\/de\/einladung-zur-vernissage-jahresausstellung-2023-der-kunst-vhs\/#primaryimage"},"thumbnailUrl":"https:\/\/ingeborgmatula.com\/wp-content\/uploads\/2023\/05\/20230523-VHS-Beitragsbild.jpg","datePublished":"2023-05-10T15:58:51+00:00","dateModified":"2023-05-22T16:02:45+00:00","breadcrumb":{"@id":"https:\/\/ingeborgmatula.com\/de\/einladung-zur-vernissage-jahresausstellung-2023-der-kunst-vhs\/#breadcrumb"},"inLanguage":"de","potentialAction":[{"@type":"ReadAction","target":["https:\/\/ingeborgmatula.com\/de\/einladung-zur-vernissage-jahresausstellung-2023-der-kunst-vhs\/"]}]},{"@type":"ImageObject","inLanguage":"de","@id":"https:\/\/ingeborgmatula.com\/de\/einladung-zur-vernissage-jahresausstellung-2023-der-kunst-vhs\/#primaryimage","url":"https:\/\/ingeborgmatula.com\/wp-content\/uploads\/2023\/05\/20230523-VHS-Beitragsbild.jpg","contentUrl":"https:\/\/ingeborgmatula.com\/wp-content\/uploads\/2023\/05\/20230523-VHS-Beitragsbild.jpg","width":1652,"height":1102},{"@type":"BreadcrumbList","@id":"https:\/\/ingeborgmatula.com\/de\/einladung-zur-vernissage-jahresausstellung-2023-der-kunst-vhs\/#breadcrumb","itemListElement":[{"@type":"ListItem","position":1,"name":"Startseite","item":"https:\/\/ingeborgmatula.com\/de\/"},{"@type":"ListItem","position":2,"name":"Einladung zur Vernissage \u201eJahresausstellung 2023 der Kunst VHS\u201c"}]},{"@type":"WebSite","@id":"https:\/\/ingeborgmatula.com\/de\/#website","url":"https:\/\/ingeborgmatula.com\/de\/","name":"Ingeborg Matula","description":"freischaffende K\u00fcnstlerin","publisher":{"@id":"https:\/\/ingeborgmatula.com\/de\/#\/schema\/person\/65f46c3cfc31bdc421ac97d3a48a0cd5"},"potentialAction":[{"@type":"SearchAction","target":{"@type":"EntryPoint","urlTemplate":"https:\/\/ingeborgmatula.com\/de\/?s={search_term_string}"},"query-input":{"@type":"PropertyValueSpecification","valueRequired":true,"valueName":"search_term_string"}}],"inLanguage":"de"},{"@type":["Person","Organization"],"@id":"https:\/\/ingeborgmatula.com\/de\/#\/schema\/person\/65f46c3cfc31bdc421ac97d3a48a0cd5","name":"Ingeborg Matula","image":{"@type":"ImageObject","inLanguage":"de","@id":"https:\/\/ingeborgmatula.com\/wp-content\/uploads\/2013\/10\/ingeborg-matula-03.jpg","url":"https:\/\/ingeborgmatula.com\/wp-content\/uploads\/2013\/10\/ingeborg-matula-03.jpg","contentUrl":"https:\/\/ingeborgmatula.com\/wp-content\/uploads\/2013\/10\/ingeborg-matula-03.jpg","width":1200,"height":799,"caption":"Ingeborg Matula"},"logo":{"@id":"https:\/\/ingeborgmatula.com\/wp-content\/uploads\/2013\/10\/ingeborg-matula-03.jpg"},"sameAs":["https:\/\/ingeborgmatula.com"],"url":"https:\/\/ingeborgmatula.com\/de\/author\/imadmin\/"}]}},"_links":{"self":[{"href":"https:\/\/ingeborgmatula.com\/de\/wp-json\/wp\/v2\/posts\/51190","targetHints":{"allow":["GET"]}}],"collection":[{"href":"https:\/\/ingeborgmatula.com\/de\/wp-json\/wp\/v2\/posts"}],"about":[{"href":"https:\/\/ingeborgmatula.com\/de\/wp-json\/wp\/v2\/types\/post"}],"author":[{"embeddable":true,"href":"https:\/\/ingeborgmatula.com\/de\/wp-json\/wp\/v2\/users\/2"}],"replies":[{"embeddable":true,"href":"https:\/\/ingeborgmatula.com\/de\/wp-json\/wp\/v2\/comments?post=51190"}],"version-history":[{"count":1,"href":"https:\/\/ingeborgmatula.com\/de\/wp-json\/wp\/v2\/posts\/51190\/revisions"}],"predecessor-version":[{"id":51191,"href":"https:\/\/ingeborgmatula.com\/de\/wp-json\/wp\/v2\/posts\/51190\/revisions\/51191"}],"wp:featuredmedia":[{"embeddable":true,"href":"https:\/\/ingeborgmatula.com\/de\/wp-json\/wp\/v2\/media\/51188"}],"wp:attachment":[{"href":"https:\/\/ingeborgmatula.com\/de\/wp-json\/wp\/v2\/media?parent=51190"}],"wp:term":[{"taxonomy":"category","embeddable":true,"href":"https:\/\/ingeborgmatula.com\/de\/wp-json\/wp\/v2\/categories?post=51190"},{"taxonomy":"post_tag","embeddable":true,"href":"https:\/\/ingeborgmatula.com\/de\/wp-json\/wp\/v2\/tags?post=51190"}],"curies":[{"name":"wp","href":"https:\/\/api.w.org\/{rel}","templated":true}]}}