{"id":50754,"date":"2018-11-20T12:00:53","date_gmt":"2018-11-20T11:00:53","guid":{"rendered":"https:\/\/ingeborgmatula.com\/exhibit-together-at-mondi-ag-gallery\/"},"modified":"2021-05-25T13:07:09","modified_gmt":"2021-05-25T11:07:09","slug":"together-mondi-ag-gallery","status":"publish","type":"post","link":"https:\/\/ingeborgmatula.com\/de\/together-mondi-ag-gallery\/","title":{"rendered":"TOGETHER (Mondi AG Gallery)"},"content":{"rendered":"<p>12. Ausstellung der Mondi AG Gallery<\/p>\n<p><strong>Vernissage:<\/strong> 28. November 2018, 17:00 Uhr<\/p>\n<p><strong>Musik:<\/strong> Florian Pinter und Band Napoleon Hairfashion<\/p>\n<p><strong>Mondi AG Gallery<\/strong>, Marxergasse 4A, 1030 Wien<\/p>\n<p><strong>Ausstellungsdauer:<\/strong> 28. November 2018 bis 28. M\u00e4rz 2019<\/p>\n<p><strong>K\u00fcnstler:<\/strong> Ingeborg Matula, Praxen Agarwal, Carl Magno<\/p>\n","protected":false},"excerpt":{"rendered":"<p>Diese bereits 12. Ausstellung in der Mondi Galerie bringt K\u00fcnstler und Musiker aus \u00d6sterreich, Indien, Italien und der Slovakei zusammen. Es sind sowohl bekannte K\u00fcnstler, Kunststudenten als auch MitarbeiterInnen von Mondi.<\/p>\n","protected":false},"author":2,"featured_media":50716,"comment_status":"closed","ping_status":"closed","sticky":false,"template":"","format":"standard","meta":{"footnotes":""},"categories":[59],"tags":[],"class_list":["post-50754","post","type-post","status-publish","format-standard","has-post-thumbnail","hentry","category-ausstellung","category-59","description-off"],"yoast_head":"<!-- This site is optimized with the Yoast SEO plugin v27.5 - https:\/\/yoast.com\/product\/yoast-seo-wordpress\/ -->\n<title>Ingeborg Matula - TOGETHER (Mondi AG Gallery)<\/title>\n<meta name=\"robots\" content=\"index, follow, max-snippet:-1, max-image-preview:large, max-video-preview:-1\" \/>\n<link rel=\"canonical\" href=\"https:\/\/ingeborgmatula.com\/de\/together-mondi-ag-gallery\/\" \/>\n<meta property=\"og:locale\" content=\"de_DE\" \/>\n<meta property=\"og:type\" content=\"article\" \/>\n<meta property=\"og:title\" content=\"Ingeborg Matula - TOGETHER (Mondi AG Gallery)\" \/>\n<meta property=\"og:description\" content=\"Diese bereits 12. Ausstellung in der Mondi Galerie bringt K\u00fcnstler und Musiker aus \u00d6sterreich, Indien, Italien und der Slovakei zusammen. Es sind sowohl bekannte K\u00fcnstler, Kunststudenten als auch MitarbeiterInnen von Mondi.\" \/>\n<meta property=\"og:url\" content=\"https:\/\/ingeborgmatula.com\/de\/together-mondi-ag-gallery\/\" \/>\n<meta property=\"og:site_name\" content=\"Ingeborg Matula\" \/>\n<meta property=\"article:published_time\" content=\"2018-11-20T11:00:53+00:00\" \/>\n<meta property=\"article:modified_time\" content=\"2021-05-25T11:07:09+00:00\" \/>\n<meta property=\"og:image\" content=\"https:\/\/ingeborgmatula.com\/wp-content\/uploads\/2021\/05\/2018-together.jpg\" \/>\n\t<meta property=\"og:image:width\" content=\"1652\" \/>\n\t<meta property=\"og:image:height\" content=\"1102\" \/>\n\t<meta property=\"og:image:type\" content=\"image\/jpeg\" \/>\n<meta name=\"author\" content=\"Ingeborg Matula\" \/>\n<meta name=\"twitter:card\" content=\"summary_large_image\" \/>\n<meta name=\"twitter:label1\" content=\"Verfasst von\" \/>\n\t<meta name=\"twitter:data1\" content=\"Ingeborg Matula\" \/>\n\t<meta name=\"twitter:label2\" content=\"Gesch\u00e4tzte Lesezeit\" \/>\n\t<meta name=\"twitter:data2\" content=\"1\u00a0Minute\" \/>\n<script type=\"application\/ld+json\" class=\"yoast-schema-graph\">{\"@context\":\"https:\\\/\\\/schema.org\",\"@graph\":[{\"@type\":\"Article\",\"@id\":\"https:\\\/\\\/ingeborgmatula.com\\\/de\\\/together-mondi-ag-gallery\\\/#article\",\"isPartOf\":{\"@id\":\"https:\\\/\\\/ingeborgmatula.com\\\/de\\\/together-mondi-ag-gallery\\\/\"},\"author\":{\"name\":\"Ingeborg Matula\",\"@id\":\"https:\\\/\\\/ingeborgmatula.com\\\/de\\\/#\\\/schema\\\/person\\\/65f46c3cfc31bdc421ac97d3a48a0cd5\"},\"headline\":\"TOGETHER (Mondi AG Gallery)\",\"datePublished\":\"2018-11-20T11:00:53+00:00\",\"dateModified\":\"2021-05-25T11:07:09+00:00\",\"mainEntityOfPage\":{\"@id\":\"https:\\\/\\\/ingeborgmatula.com\\\/de\\\/together-mondi-ag-gallery\\\/\"},\"wordCount\":38,\"publisher\":{\"@id\":\"https:\\\/\\\/ingeborgmatula.com\\\/de\\\/#\\\/schema\\\/person\\\/65f46c3cfc31bdc421ac97d3a48a0cd5\"},\"image\":{\"@id\":\"https:\\\/\\\/ingeborgmatula.com\\\/de\\\/together-mondi-ag-gallery\\\/#primaryimage\"},\"thumbnailUrl\":\"https:\\\/\\\/ingeborgmatula.com\\\/wp-content\\\/uploads\\\/2021\\\/05\\\/2018-together.jpg\",\"articleSection\":[\"Ausstellung\"],\"inLanguage\":\"de\"},{\"@type\":\"WebPage\",\"@id\":\"https:\\\/\\\/ingeborgmatula.com\\\/de\\\/together-mondi-ag-gallery\\\/\",\"url\":\"https:\\\/\\\/ingeborgmatula.com\\\/de\\\/together-mondi-ag-gallery\\\/\",\"name\":\"Ingeborg Matula - TOGETHER (Mondi AG Gallery)\",\"isPartOf\":{\"@id\":\"https:\\\/\\\/ingeborgmatula.com\\\/de\\\/#website\"},\"primaryImageOfPage\":{\"@id\":\"https:\\\/\\\/ingeborgmatula.com\\\/de\\\/together-mondi-ag-gallery\\\/#primaryimage\"},\"image\":{\"@id\":\"https:\\\/\\\/ingeborgmatula.com\\\/de\\\/together-mondi-ag-gallery\\\/#primaryimage\"},\"thumbnailUrl\":\"https:\\\/\\\/ingeborgmatula.com\\\/wp-content\\\/uploads\\\/2021\\\/05\\\/2018-together.jpg\",\"datePublished\":\"2018-11-20T11:00:53+00:00\",\"dateModified\":\"2021-05-25T11:07:09+00:00\",\"breadcrumb\":{\"@id\":\"https:\\\/\\\/ingeborgmatula.com\\\/de\\\/together-mondi-ag-gallery\\\/#breadcrumb\"},\"inLanguage\":\"de\",\"potentialAction\":[{\"@type\":\"ReadAction\",\"target\":[\"https:\\\/\\\/ingeborgmatula.com\\\/de\\\/together-mondi-ag-gallery\\\/\"]}]},{\"@type\":\"ImageObject\",\"inLanguage\":\"de\",\"@id\":\"https:\\\/\\\/ingeborgmatula.com\\\/de\\\/together-mondi-ag-gallery\\\/#primaryimage\",\"url\":\"https:\\\/\\\/ingeborgmatula.com\\\/wp-content\\\/uploads\\\/2021\\\/05\\\/2018-together.jpg\",\"contentUrl\":\"https:\\\/\\\/ingeborgmatula.com\\\/wp-content\\\/uploads\\\/2021\\\/05\\\/2018-together.jpg\",\"width\":1652,\"height\":1102},{\"@type\":\"BreadcrumbList\",\"@id\":\"https:\\\/\\\/ingeborgmatula.com\\\/de\\\/together-mondi-ag-gallery\\\/#breadcrumb\",\"itemListElement\":[{\"@type\":\"ListItem\",\"position\":1,\"name\":\"Startseite\",\"item\":\"https:\\\/\\\/ingeborgmatula.com\\\/de\\\/\"},{\"@type\":\"ListItem\",\"position\":2,\"name\":\"TOGETHER (Mondi AG Gallery)\"}]},{\"@type\":\"WebSite\",\"@id\":\"https:\\\/\\\/ingeborgmatula.com\\\/de\\\/#website\",\"url\":\"https:\\\/\\\/ingeborgmatula.com\\\/de\\\/\",\"name\":\"Ingeborg Matula\",\"description\":\"freischaffende K\u00fcnstlerin\",\"publisher\":{\"@id\":\"https:\\\/\\\/ingeborgmatula.com\\\/de\\\/#\\\/schema\\\/person\\\/65f46c3cfc31bdc421ac97d3a48a0cd5\"},\"potentialAction\":[{\"@type\":\"SearchAction\",\"target\":{\"@type\":\"EntryPoint\",\"urlTemplate\":\"https:\\\/\\\/ingeborgmatula.com\\\/de\\\/?s={search_term_string}\"},\"query-input\":{\"@type\":\"PropertyValueSpecification\",\"valueRequired\":true,\"valueName\":\"search_term_string\"}}],\"inLanguage\":\"de\"},{\"@type\":[\"Person\",\"Organization\"],\"@id\":\"https:\\\/\\\/ingeborgmatula.com\\\/de\\\/#\\\/schema\\\/person\\\/65f46c3cfc31bdc421ac97d3a48a0cd5\",\"name\":\"Ingeborg Matula\",\"image\":{\"@type\":\"ImageObject\",\"inLanguage\":\"de\",\"@id\":\"https:\\\/\\\/ingeborgmatula.com\\\/wp-content\\\/uploads\\\/2013\\\/10\\\/ingeborg-matula-03.jpg\",\"url\":\"https:\\\/\\\/ingeborgmatula.com\\\/wp-content\\\/uploads\\\/2013\\\/10\\\/ingeborg-matula-03.jpg\",\"contentUrl\":\"https:\\\/\\\/ingeborgmatula.com\\\/wp-content\\\/uploads\\\/2013\\\/10\\\/ingeborg-matula-03.jpg\",\"width\":1200,\"height\":799,\"caption\":\"Ingeborg Matula\"},\"logo\":{\"@id\":\"https:\\\/\\\/ingeborgmatula.com\\\/wp-content\\\/uploads\\\/2013\\\/10\\\/ingeborg-matula-03.jpg\"},\"sameAs\":[\"https:\\\/\\\/ingeborgmatula.com\"],\"url\":\"https:\\\/\\\/ingeborgmatula.com\\\/de\\\/author\\\/imadmin\\\/\"}]}<\/script>\n<!-- \/ Yoast SEO plugin. -->","yoast_head_json":{"title":"Ingeborg Matula - TOGETHER (Mondi AG Gallery)","robots":{"index":"index","follow":"follow","max-snippet":"max-snippet:-1","max-image-preview":"max-image-preview:large","max-video-preview":"max-video-preview:-1"},"canonical":"https:\/\/ingeborgmatula.com\/de\/together-mondi-ag-gallery\/","og_locale":"de_DE","og_type":"article","og_title":"Ingeborg Matula - TOGETHER (Mondi AG Gallery)","og_description":"Diese bereits 12. Ausstellung in der Mondi Galerie bringt K\u00fcnstler und Musiker aus \u00d6sterreich, Indien, Italien und der Slovakei zusammen. Es sind sowohl bekannte K\u00fcnstler, Kunststudenten als auch MitarbeiterInnen von Mondi.","og_url":"https:\/\/ingeborgmatula.com\/de\/together-mondi-ag-gallery\/","og_site_name":"Ingeborg Matula","article_published_time":"2018-11-20T11:00:53+00:00","article_modified_time":"2021-05-25T11:07:09+00:00","og_image":[{"width":1652,"height":1102,"url":"https:\/\/ingeborgmatula.com\/wp-content\/uploads\/2021\/05\/2018-together.jpg","type":"image\/jpeg"}],"author":"Ingeborg Matula","twitter_card":"summary_large_image","twitter_misc":{"Verfasst von":"Ingeborg Matula","Gesch\u00e4tzte Lesezeit":"1\u00a0Minute"},"schema":{"@context":"https:\/\/schema.org","@graph":[{"@type":"Article","@id":"https:\/\/ingeborgmatula.com\/de\/together-mondi-ag-gallery\/#article","isPartOf":{"@id":"https:\/\/ingeborgmatula.com\/de\/together-mondi-ag-gallery\/"},"author":{"name":"Ingeborg Matula","@id":"https:\/\/ingeborgmatula.com\/de\/#\/schema\/person\/65f46c3cfc31bdc421ac97d3a48a0cd5"},"headline":"TOGETHER (Mondi AG Gallery)","datePublished":"2018-11-20T11:00:53+00:00","dateModified":"2021-05-25T11:07:09+00:00","mainEntityOfPage":{"@id":"https:\/\/ingeborgmatula.com\/de\/together-mondi-ag-gallery\/"},"wordCount":38,"publisher":{"@id":"https:\/\/ingeborgmatula.com\/de\/#\/schema\/person\/65f46c3cfc31bdc421ac97d3a48a0cd5"},"image":{"@id":"https:\/\/ingeborgmatula.com\/de\/together-mondi-ag-gallery\/#primaryimage"},"thumbnailUrl":"https:\/\/ingeborgmatula.com\/wp-content\/uploads\/2021\/05\/2018-together.jpg","articleSection":["Ausstellung"],"inLanguage":"de"},{"@type":"WebPage","@id":"https:\/\/ingeborgmatula.com\/de\/together-mondi-ag-gallery\/","url":"https:\/\/ingeborgmatula.com\/de\/together-mondi-ag-gallery\/","name":"Ingeborg Matula - TOGETHER (Mondi AG Gallery)","isPartOf":{"@id":"https:\/\/ingeborgmatula.com\/de\/#website"},"primaryImageOfPage":{"@id":"https:\/\/ingeborgmatula.com\/de\/together-mondi-ag-gallery\/#primaryimage"},"image":{"@id":"https:\/\/ingeborgmatula.com\/de\/together-mondi-ag-gallery\/#primaryimage"},"thumbnailUrl":"https:\/\/ingeborgmatula.com\/wp-content\/uploads\/2021\/05\/2018-together.jpg","datePublished":"2018-11-20T11:00:53+00:00","dateModified":"2021-05-25T11:07:09+00:00","breadcrumb":{"@id":"https:\/\/ingeborgmatula.com\/de\/together-mondi-ag-gallery\/#breadcrumb"},"inLanguage":"de","potentialAction":[{"@type":"ReadAction","target":["https:\/\/ingeborgmatula.com\/de\/together-mondi-ag-gallery\/"]}]},{"@type":"ImageObject","inLanguage":"de","@id":"https:\/\/ingeborgmatula.com\/de\/together-mondi-ag-gallery\/#primaryimage","url":"https:\/\/ingeborgmatula.com\/wp-content\/uploads\/2021\/05\/2018-together.jpg","contentUrl":"https:\/\/ingeborgmatula.com\/wp-content\/uploads\/2021\/05\/2018-together.jpg","width":1652,"height":1102},{"@type":"BreadcrumbList","@id":"https:\/\/ingeborgmatula.com\/de\/together-mondi-ag-gallery\/#breadcrumb","itemListElement":[{"@type":"ListItem","position":1,"name":"Startseite","item":"https:\/\/ingeborgmatula.com\/de\/"},{"@type":"ListItem","position":2,"name":"TOGETHER (Mondi AG Gallery)"}]},{"@type":"WebSite","@id":"https:\/\/ingeborgmatula.com\/de\/#website","url":"https:\/\/ingeborgmatula.com\/de\/","name":"Ingeborg Matula","description":"freischaffende K\u00fcnstlerin","publisher":{"@id":"https:\/\/ingeborgmatula.com\/de\/#\/schema\/person\/65f46c3cfc31bdc421ac97d3a48a0cd5"},"potentialAction":[{"@type":"SearchAction","target":{"@type":"EntryPoint","urlTemplate":"https:\/\/ingeborgmatula.com\/de\/?s={search_term_string}"},"query-input":{"@type":"PropertyValueSpecification","valueRequired":true,"valueName":"search_term_string"}}],"inLanguage":"de"},{"@type":["Person","Organization"],"@id":"https:\/\/ingeborgmatula.com\/de\/#\/schema\/person\/65f46c3cfc31bdc421ac97d3a48a0cd5","name":"Ingeborg Matula","image":{"@type":"ImageObject","inLanguage":"de","@id":"https:\/\/ingeborgmatula.com\/wp-content\/uploads\/2013\/10\/ingeborg-matula-03.jpg","url":"https:\/\/ingeborgmatula.com\/wp-content\/uploads\/2013\/10\/ingeborg-matula-03.jpg","contentUrl":"https:\/\/ingeborgmatula.com\/wp-content\/uploads\/2013\/10\/ingeborg-matula-03.jpg","width":1200,"height":799,"caption":"Ingeborg Matula"},"logo":{"@id":"https:\/\/ingeborgmatula.com\/wp-content\/uploads\/2013\/10\/ingeborg-matula-03.jpg"},"sameAs":["https:\/\/ingeborgmatula.com"],"url":"https:\/\/ingeborgmatula.com\/de\/author\/imadmin\/"}]}},"_links":{"self":[{"href":"https:\/\/ingeborgmatula.com\/de\/wp-json\/wp\/v2\/posts\/50754","targetHints":{"allow":["GET"]}}],"collection":[{"href":"https:\/\/ingeborgmatula.com\/de\/wp-json\/wp\/v2\/posts"}],"about":[{"href":"https:\/\/ingeborgmatula.com\/de\/wp-json\/wp\/v2\/types\/post"}],"author":[{"embeddable":true,"href":"https:\/\/ingeborgmatula.com\/de\/wp-json\/wp\/v2\/users\/2"}],"replies":[{"embeddable":true,"href":"https:\/\/ingeborgmatula.com\/de\/wp-json\/wp\/v2\/comments?post=50754"}],"version-history":[{"count":3,"href":"https:\/\/ingeborgmatula.com\/de\/wp-json\/wp\/v2\/posts\/50754\/revisions"}],"predecessor-version":[{"id":50874,"href":"https:\/\/ingeborgmatula.com\/de\/wp-json\/wp\/v2\/posts\/50754\/revisions\/50874"}],"wp:featuredmedia":[{"embeddable":true,"href":"https:\/\/ingeborgmatula.com\/de\/wp-json\/wp\/v2\/media\/50716"}],"wp:attachment":[{"href":"https:\/\/ingeborgmatula.com\/de\/wp-json\/wp\/v2\/media?parent=50754"}],"wp:term":[{"taxonomy":"category","embeddable":true,"href":"https:\/\/ingeborgmatula.com\/de\/wp-json\/wp\/v2\/categories?post=50754"},{"taxonomy":"post_tag","embeddable":true,"href":"https:\/\/ingeborgmatula.com\/de\/wp-json\/wp\/v2\/tags?post=50754"}],"curies":[{"name":"wp","href":"https:\/\/api.w.org\/{rel}","templated":true}]}}